{"id":46875,"global_id":"cm-tavira.pt\/site?id=46875","global_id_lineage":["cm-tavira.pt\/site?id=46875"],"author":"14","status":"publish","date":"2026-04-28 14:23:06","date_utc":"2026-04-28 13:23:06","modified":"2026-04-28 14:26:03","modified_utc":"2026-04-28 13:26:03","url":"https:\/\/cm-tavira.pt\/site\/evento\/todos-a-caminhar-sob-as-estrelas-13\/2026-05-20\/","rest_url":"https:\/\/cm-tavira.pt\/site\/wp-json\/tribe\/events\/v1\/events\/46875","title":"Todos a Caminhar sob as Estrelas","description":"","excerpt":"","slug":"todos-a-caminhar-sob-as-estrelas-13-2026-05-20","image":{"url":"https:\/\/cm-tavira.pt\/site\/wp-content\/uploads\/2026\/04\/site-CAMINHAR-ESTRELAS-1.jpg","id":46879,"extension":"jpg","width":2250,"height":1267,"filesize":1919659,"sizes":{"medium":{"width":300,"height":169,"mime-type":"image\/jpeg","filesize":40878,"url":"https:\/\/cm-tavira.pt\/site\/wp-content\/uploads\/2026\/04\/site-CAMINHAR-ESTRELAS-1-300x169.jpg"},"large":{"width":1024,"height":577,"mime-type":"image\/jpeg","filesize":164462,"url":"https:\/\/cm-tavira.pt\/site\/wp-content\/uploads\/2026\/04\/site-CAMINHAR-ESTRELAS-1-1024x577.jpg"},"thumbnail":{"width":150,"height":150,"mime-type":"image\/jpeg","filesize":31428,"url":"https:\/\/cm-tavira.pt\/site\/wp-content\/uploads\/2026\/04\/site-CAMINHAR-ESTRELAS-1-150x150.jpg"},"medium_large":{"width":768,"height":432,"mime-type":"image\/jpeg","filesize":111038,"url":"https:\/\/cm-tavira.pt\/site\/wp-content\/uploads\/2026\/04\/site-CAMINHAR-ESTRELAS-1-768x432.jpg"},"1536x1536":{"width":1536,"height":865,"mime-type":"image\/jpeg","filesize":294401,"url":"https:\/\/cm-tavira.pt\/site\/wp-content\/uploads\/2026\/04\/site-CAMINHAR-ESTRELAS-1-1536x865.jpg"},"2048x2048":{"width":2048,"height":1153,"mime-type":"image\/jpeg","filesize":452488,"url":"https:\/\/cm-tavira.pt\/site\/wp-content\/uploads\/2026\/04\/site-CAMINHAR-ESTRELAS-1-2048x1153.jpg"}}},"all_day":false,"start_date":"2026-05-20 21:00:00","start_date_details":{"year":"2026","month":"05","day":"20","hour":"21","minutes":"00","seconds":"00"},"end_date":"2026-05-20 21:00:00","end_date_details":{"year":"2026","month":"05","day":"20","hour":"21","minutes":"00","seconds":"00"},"utc_start_date":"2026-05-20 20:00:00","utc_start_date_details":{"year":"2026","month":"05","day":"20","hour":"20","minutes":"00","seconds":"00"},"utc_end_date":"2026-05-20 20:00:00","utc_end_date_details":{"year":"2026","month":"05","day":"20","hour":"20","minutes":"00","seconds":"00"},"timezone":"Europe\/Lisbon","timezone_abbr":"","cost":"","cost_details":{"currency_symbol":"","currency_position":"suffix","values":[]},"website":"","show_map":false,"show_map_link":false,"hide_from_listings":false,"sticky":false,"featured":false,"categories":[{"name":"Desporto","slug":"desporto","term_group":0,"term_taxonomy_id":51,"taxonomy":"tribe_events_cat","description":"","parent":0,"count":505,"filter":"raw","id":51,"urls":{"self":"https:\/\/cm-tavira.pt\/site\/wp-json\/tribe\/events\/v1\/categories\/51","collection":"https:\/\/cm-tavira.pt\/site\/wp-json\/tribe\/events\/v1\/categories"}}],"tags":[],"venue":{"id":19034,"author":"7","status":"publish","date":"2022-10-25 15:44:35","date_utc":"2022-10-25 14:44:35","modified":"2022-10-25 15:44:35","modified_utc":"2022-10-25 14:44:35","url":"https:\/\/cm-tavira.pt\/site\/local\/praca-da-republica-2\/","venue":"Pra\u00e7a da Rep\u00fablica","slug":"praca-da-republica-2","json_ld":{"@type":"Place","name":"Pra\u00e7a da Rep\u00fablica","description":"","url":"https:\/\/cm-tavira.pt\/site\/local\/praca-da-republica-2\/","address":{"@type":"PostalAddress"},"telephone":"","sameAs":""},"show_map":true,"show_map_link":true,"global_id":"cm-tavira.pt\/site?id=19034","global_id_lineage":["cm-tavira.pt\/site?id=19034"]},"organizer":[{"id":34820,"author":"14","status":"publish","date":"2024-12-27 14:04:23","date_utc":"2024-12-27 14:04:23","modified":"2024-12-27 14:04:23","modified_utc":"2024-12-27 14:04:23","url":"https:\/\/cm-tavira.pt\/site\/organizador\/org-municipio-de-tavira-dinamizador-casa-do-povo-de-santo-estevao\/","organizer":"Org.: Munic\u00edpio de Tavira | Dinamizador: Casa do Povo de Santo Est\u00eav\u00e3o","slug":"org-municipio-de-tavira-dinamizador-casa-do-povo-de-santo-estevao","json_ld":{"@type":"Person","name":"Org.: Munic\u00edpio de Tavira | Dinamizador: Casa do Povo de Santo Est\u00eav\u00e3o","description":"","url":"https:\/\/cm-tavira.pt\/site\/organizador\/org-municipio-de-tavira-dinamizador-casa-do-povo-de-santo-estevao\/","telephone":"","email":"","sameAs":""},"global_id":"cm-tavira.pt\/site?id=34820","global_id_lineage":["cm-tavira.pt\/site?id=34820"]}],"json_ld":{"@context":"http:\/\/schema.org","@type":"Event","name":"Todos a Caminhar sob as Estrelas","description":"","image":"https:\/\/cm-tavira.pt\/site\/wp-content\/uploads\/2026\/04\/site-CAMINHAR-ESTRELAS-1.jpg","url":"https:\/\/cm-tavira.pt\/site\/evento\/todos-a-caminhar-sob-as-estrelas-13\/2026-05-20\/","startDate":"2026-05-20T21:00:00+01:00","endDate":"2026-05-20T21:00:00+01:00","location":{"@type":"Place","name":"Pra\u00e7a da Rep\u00fablica","description":"","url":"https:\/\/cm-tavira.pt\/site\/local\/praca-da-republica-2\/","address":{"@type":"PostalAddress"},"telephone":"","sameAs":""},"organizer":{"@type":"Person","name":"Org.: Munic\u00edpio de Tavira | Dinamizador: Casa do Povo de Santo Est\u00eav\u00e3o","description":"","url":"https:\/\/cm-tavira.pt\/site\/organizador\/org-municipio-de-tavira-dinamizador-casa-do-povo-de-santo-estevao\/","telephone":"","email":"","sameAs":""},"performer":"Organization"}}